{"id":1606,"date":"2022-05-16T11:02:49","date_gmt":"2022-05-16T09:02:49","guid":{"rendered":"https:\/\/coudrevosenvies.fr\/?p=1606"},"modified":"2022-05-16T11:02:50","modified_gmt":"2022-05-16T09:02:50","slug":"pour-une-fete-des-meres-remplie-de-douceur-%f0%9f%98%8d","status":"publish","type":"post","link":"https:\/\/coudrevosenvies.fr\/en\/pour-une-fete-des-meres-remplie-de-douceur-%f0%9f%98%8d\/","title":{"rendered":"Pour une f\u00eate des m\u00e8res remplie de douceur \ud83d\ude0d,"},"content":{"rendered":"<div class=\"\" data-block=\"true\" data-editor=\"7vjut\" data-offset-key=\"6srhb-0-0\">\n<div class=\"_1mf _1mj\" data-offset-key=\"6srhb-0-0\">\u00a0<\/div>\n<\/div>\n<div class=\"\" data-block=\"true\" data-editor=\"7vjut\" data-offset-key=\"d70ct-0-0\">\n<div class=\"_1mf _1mj\" data-offset-key=\"d70ct-0-0\"><span style=\"color: initial;\">je vous propose une serviette s\u00e8che-cheveux en \u00e9ponge de bambou<\/span><\/div>\n<\/div>\n<div class=\"\" data-block=\"true\" data-editor=\"7vjut\" data-offset-key=\"9dkcf-0-0\">\n<div class=\"_1mf _1mj\" data-offset-key=\"9dkcf-0-0\"><span data-offset-key=\"9dkcf-0-0\">\ud83c\udf3al\u00e9g\u00e8re, elle s\u00e8che rapidement, <\/span><\/div>\n<\/div>\n<div class=\"\" data-block=\"true\" data-editor=\"7vjut\" data-offset-key=\"4qfci-0-0\">\n<div class=\"_1mf _1mj\" data-offset-key=\"4qfci-0-0\"><span data-offset-key=\"4qfci-0-0\">\ud83d\udc9edouce, elle apporte du soyeux aux cheveux, <\/span><\/div>\n<\/div>\n<div class=\"\" data-block=\"true\" data-editor=\"7vjut\" data-offset-key=\"1peup-0-0\">\n<div class=\"_1mf _1mj\" data-offset-key=\"1peup-0-0\"><span data-offset-key=\"1peup-0-0\">\ud83c\udf39arrondie, ses coubes s&rsquo;adapte \u00e0 votre t\u00eate<\/span><\/div>\n<\/div>\n<div class=\"\" data-block=\"true\" data-editor=\"7vjut\" data-offset-key=\"38onk-0-0\">\n<div class=\"_1mf _1mj\" data-offset-key=\"38onk-0-0\">\u00a0<\/div>\n<\/div>\n<div class=\"\" data-block=\"true\" data-editor=\"7vjut\" data-offset-key=\"3jp2g-0-0\">\n<div class=\"_1mf _1mj\" data-offset-key=\"3jp2g-0-0\"><span data-offset-key=\"3jp2g-0-0\">\ud83e\udd8b Couture C\u00e9cile Cr\u00e9ations est un atelier de confection sur mesure. J&rsquo;attache beaucoup de soin \u00e0 personnaliser mes r\u00e9alisations pour les rendre unique et \u00e0 votre image avec des broderies <\/span><\/div>\n<\/div>\n<div class=\"\" data-block=\"true\" data-editor=\"7vjut\" data-offset-key=\"fadav-0-0\">\n<div class=\"_1mf _1mj\" data-offset-key=\"fadav-0-0\">\u00a0<\/div>\n<\/div>\n<div class=\"\" data-block=\"true\" data-editor=\"7vjut\" data-offset-key=\"4b45n-0-0\">\n<div class=\"_1mf _1mj\" data-offset-key=\"4b45n-0-0\"><span data-offset-key=\"4b45n-0-0\">\ud83e\uddf5 un savoir-faire au service de vos demandes travail r\u00e9alis\u00e9 avec soin et pr\u00e9cision. Pensez \u00e0 r\u00e9server vos cadeaux de f\u00eate des m\u00e8res ou votre bon cadeau<\/span><\/div>\n<\/div>\n<div class=\"\" data-block=\"true\" data-editor=\"7vjut\" data-offset-key=\"3kqrd-0-0\">\n<div class=\"_1mf _1mj\" data-offset-key=\"3kqrd-0-0\"><span data-offset-key=\"3kqrd-0-0\">suivez le lien <\/span><\/div>\n<\/div>\n<div class=\"\" data-block=\"true\" data-editor=\"7vjut\" data-offset-key=\"4l35m-0-0\">\n<div class=\"_1mf _1mj\" data-offset-key=\"4l35m-0-0\"><a href=\"https:\/\/coudrevosenvies.fr\/en\/eboutique\/34-serviette-seche-cheveux\/\"><span data-offset-key=\"4l35m-0-0\">https:\/\/coudrevosenvies.fr\/eboutique\/34-serviette-seche-cheveux<\/span><\/a><\/div>\n<\/div>\n\n\n\n<figure class=\"wp-block-image size-full is-resized\"><img loading=\"lazy\" decoding=\"async\" src=\"https:\/\/coudrevosenvies.fr\/wp-content\/uploads\/2022\/05\/serviette-seche-cheveux-bambou.jpg\" alt=\"\" class=\"wp-image-1609\" width=\"605\" height=\"605\" srcset=\"https:\/\/coudrevosenvies.fr\/wp-content\/uploads\/2022\/05\/serviette-seche-cheveux-bambou.jpg 600w, https:\/\/coudrevosenvies.fr\/wp-content\/uploads\/2022\/05\/serviette-seche-cheveux-bambou-300x300.jpg 300w, https:\/\/coudrevosenvies.fr\/wp-content\/uploads\/2022\/05\/serviette-seche-cheveux-bambou-150x150.jpg 150w, https:\/\/coudrevosenvies.fr\/wp-content\/uploads\/2022\/05\/serviette-seche-cheveux-bambou-12x12.jpg 12w\" sizes=\"(max-width: 605px) 100vw, 605px\" \/><figcaption>Serviette s\u00e8che-cheveux en bambou<\/figcaption><\/figure>","protected":false},"excerpt":{"rendered":"<p>\u00a0 je vous propose une serviette s\u00e8che-cheveux en \u00e9ponge de bambou \ud83c\udf3al\u00e9g\u00e8re, elle s\u00e8che rapidement, \ud83d\udc9edouce, elle apporte du soyeux aux cheveux, \ud83c\udf39arrondie, ses coubes s&rsquo;adapte \u00e0 votre t\u00eate \u00a0 \ud83e\udd8b Couture C\u00e9cile Cr\u00e9ations est un atelier de confection sur mesure. J&rsquo;attache beaucoup de soin \u00e0 personnaliser mes r\u00e9alisations pour\u2026<\/p>\n<p> <a class=\"continue-reading-link\" href=\"https:\/\/coudrevosenvies.fr\/en\/pour-une-fete-des-meres-remplie-de-douceur-%f0%9f%98%8d\/\"><span>See more<\/span><i class=\"crycon-right-dir\"><\/i><\/a> <\/p>","protected":false},"author":1,"featured_media":0,"comment_status":"closed","ping_status":"closed","sticky":false,"template":"","format":"standard","meta":{"footnotes":""},"categories":[3],"tags":[],"yoast_head":"<!-- This site is optimized with the Yoast SEO plugin v20.4 - https:\/\/yoast.com\/wordpress\/plugins\/seo\/ -->\n<title>Pour une f\u00eate des m\u00e8res remplie de douceur \ud83d\ude0d, - Couture C\u00e9cile Cr\u00e9ations<\/title>\n<meta name=\"robots\" content=\"index, follow, max-snippet:-1, max-image-preview:large, max-video-preview:-1\" \/>\n<link rel=\"canonical\" href=\"https:\/\/coudrevosenvies.fr\/en\/pour-une-fete-des-meres-remplie-de-douceur-\ud83d\ude0d\/\" \/>\n<meta property=\"og:locale\" content=\"en_GB\" \/>\n<meta property=\"og:type\" content=\"article\" \/>\n<meta property=\"og:title\" content=\"Pour une f\u00eate des m\u00e8res remplie de douceur \ud83d\ude0d, - Couture C\u00e9cile Cr\u00e9ations\" \/>\n<meta property=\"og:description\" content=\"\u00a0 je vous propose une serviette s\u00e8che-cheveux en \u00e9ponge de bambou \ud83c\udf3al\u00e9g\u00e8re, elle s\u00e8che rapidement, \ud83d\udc9edouce, elle apporte du soyeux aux cheveux, \ud83c\udf39arrondie, ses coubes s&rsquo;adapte \u00e0 votre t\u00eate \u00a0 \ud83e\udd8b Couture C\u00e9cile Cr\u00e9ations est un atelier de confection sur mesure. J&rsquo;attache beaucoup de soin \u00e0 personnaliser mes r\u00e9alisations pour\u2026 Voir plus\" \/>\n<meta property=\"og:url\" content=\"https:\/\/coudrevosenvies.fr\/en\/pour-une-fete-des-meres-remplie-de-douceur-\ud83d\ude0d\/\" \/>\n<meta property=\"og:site_name\" content=\"Couture C\u00e9cile Cr\u00e9ations\" \/>\n<meta property=\"article:author\" content=\"https:\/\/www.facebook.com\/cecilecreations\" \/>\n<meta property=\"article:published_time\" content=\"2022-05-16T09:02:49+00:00\" \/>\n<meta property=\"article:modified_time\" content=\"2022-05-16T09:02:50+00:00\" \/>\n<meta property=\"og:image\" content=\"https:\/\/coudrevosenvies.fr\/wp-content\/uploads\/2022\/05\/serviette-seche-cheveux-bambou.jpg\" \/>\n<meta name=\"author\" content=\"C\u00e9cile Cr\u00e9ations\" \/>\n<meta name=\"twitter:card\" content=\"summary_large_image\" \/>\n<meta name=\"twitter:label1\" content=\"Written by\" \/>\n\t<meta name=\"twitter:data1\" content=\"C\u00e9cile Cr\u00e9ations\" \/>\n\t<meta name=\"twitter:label2\" content=\"Estimated reading time\" \/>\n\t<meta name=\"twitter:data2\" content=\"1 minute\" \/>\n<script type=\"application\/ld+json\" class=\"yoast-schema-graph\">{\"@context\":\"https:\/\/schema.org\",\"@graph\":[{\"@type\":\"WebPage\",\"@id\":\"https:\/\/coudrevosenvies.fr\/pour-une-fete-des-meres-remplie-de-douceur-%f0%9f%98%8d\/\",\"url\":\"https:\/\/coudrevosenvies.fr\/pour-une-fete-des-meres-remplie-de-douceur-%f0%9f%98%8d\/\",\"name\":\"Pour une f\u00eate des m\u00e8res remplie de douceur \ud83d\ude0d, - Couture C\u00e9cile Cr\u00e9ations\",\"isPartOf\":{\"@id\":\"https:\/\/coudrevosenvies.fr\/#website\"},\"datePublished\":\"2022-05-16T09:02:49+00:00\",\"dateModified\":\"2022-05-16T09:02:50+00:00\",\"author\":{\"@id\":\"https:\/\/coudrevosenvies.fr\/#\/schema\/person\/6ce86166327a58cde60948934b35be69\"},\"breadcrumb\":{\"@id\":\"https:\/\/coudrevosenvies.fr\/pour-une-fete-des-meres-remplie-de-douceur-%f0%9f%98%8d\/#breadcrumb\"},\"inLanguage\":\"en-GB\",\"potentialAction\":[{\"@type\":\"ReadAction\",\"target\":[\"https:\/\/coudrevosenvies.fr\/pour-une-fete-des-meres-remplie-de-douceur-%f0%9f%98%8d\/\"]}]},{\"@type\":\"BreadcrumbList\",\"@id\":\"https:\/\/coudrevosenvies.fr\/pour-une-fete-des-meres-remplie-de-douceur-%f0%9f%98%8d\/#breadcrumb\",\"itemListElement\":[{\"@type\":\"ListItem\",\"position\":1,\"name\":\"Accueil\",\"item\":\"https:\/\/coudrevosenvies.fr\/\"},{\"@type\":\"ListItem\",\"position\":2,\"name\":\"Pour une f\u00eate des m\u00e8res remplie de douceur \ud83d\ude0d,\"}]},{\"@type\":\"WebSite\",\"@id\":\"https:\/\/coudrevosenvies.fr\/#website\",\"url\":\"https:\/\/coudrevosenvies.fr\/\",\"name\":\"Couture C\u00e9cile Cr\u00e9ations\",\"description\":\"Coudre vos Envies\",\"potentialAction\":[{\"@type\":\"SearchAction\",\"target\":{\"@type\":\"EntryPoint\",\"urlTemplate\":\"https:\/\/coudrevosenvies.fr\/?s={search_term_string}\"},\"query-input\":\"required name=search_term_string\"}],\"inLanguage\":\"en-GB\"},{\"@type\":\"Person\",\"@id\":\"https:\/\/coudrevosenvies.fr\/#\/schema\/person\/6ce86166327a58cde60948934b35be69\",\"name\":\"C\u00e9cile Cr\u00e9ations\",\"image\":{\"@type\":\"ImageObject\",\"inLanguage\":\"en-GB\",\"@id\":\"https:\/\/coudrevosenvies.fr\/#\/schema\/person\/image\/\",\"url\":\"https:\/\/secure.gravatar.com\/avatar\/352324ed7cf1675b7f665333387d6654?s=96&d=mm&r=g\",\"contentUrl\":\"https:\/\/secure.gravatar.com\/avatar\/352324ed7cf1675b7f665333387d6654?s=96&d=mm&r=g\",\"caption\":\"C\u00e9cile Cr\u00e9ations\"},\"sameAs\":[\"https:\/\/coudrevosenvies.fr\/\",\"https:\/\/www.facebook.com\/cecilecreations\",\"https:\/\/www.instagram.com\/coudrevosenvies\/\",\"https:\/\/www.linkedin.com\/in\/ccile-frezet-024264167\/\"],\"url\":\"https:\/\/coudrevosenvies.fr\/en\/author\/admin6738\/\"}]}<\/script>\n<!-- \/ Yoast SEO plugin. -->","yoast_head_json":{"title":"Pour une f\u00eate des m\u00e8res remplie de douceur \ud83d\ude0d, - Couture C\u00e9cile Cr\u00e9ations","robots":{"index":"index","follow":"follow","max-snippet":"max-snippet:-1","max-image-preview":"max-image-preview:large","max-video-preview":"max-video-preview:-1"},"canonical":"https:\/\/coudrevosenvies.fr\/en\/pour-une-fete-des-meres-remplie-de-douceur-\ud83d\ude0d\/","og_locale":"en_GB","og_type":"article","og_title":"Pour une f\u00eate des m\u00e8res remplie de douceur \ud83d\ude0d, - Couture C\u00e9cile Cr\u00e9ations","og_description":"\u00a0 je vous propose une serviette s\u00e8che-cheveux en \u00e9ponge de bambou \ud83c\udf3al\u00e9g\u00e8re, elle s\u00e8che rapidement, \ud83d\udc9edouce, elle apporte du soyeux aux cheveux, \ud83c\udf39arrondie, ses coubes s&rsquo;adapte \u00e0 votre t\u00eate \u00a0 \ud83e\udd8b Couture C\u00e9cile Cr\u00e9ations est un atelier de confection sur mesure. J&rsquo;attache beaucoup de soin \u00e0 personnaliser mes r\u00e9alisations pour\u2026 Voir plus","og_url":"https:\/\/coudrevosenvies.fr\/en\/pour-une-fete-des-meres-remplie-de-douceur-\ud83d\ude0d\/","og_site_name":"Couture C\u00e9cile Cr\u00e9ations","article_author":"https:\/\/www.facebook.com\/cecilecreations","article_published_time":"2022-05-16T09:02:49+00:00","article_modified_time":"2022-05-16T09:02:50+00:00","og_image":[{"url":"https:\/\/coudrevosenvies.fr\/wp-content\/uploads\/2022\/05\/serviette-seche-cheveux-bambou.jpg"}],"author":"C\u00e9cile Cr\u00e9ations","twitter_card":"summary_large_image","twitter_misc":{"Written by":"C\u00e9cile Cr\u00e9ations","Estimated reading time":"1 minute"},"schema":{"@context":"https:\/\/schema.org","@graph":[{"@type":"WebPage","@id":"https:\/\/coudrevosenvies.fr\/pour-une-fete-des-meres-remplie-de-douceur-%f0%9f%98%8d\/","url":"https:\/\/coudrevosenvies.fr\/pour-une-fete-des-meres-remplie-de-douceur-%f0%9f%98%8d\/","name":"Pour une f\u00eate des m\u00e8res remplie de douceur \ud83d\ude0d, - Couture C\u00e9cile Cr\u00e9ations","isPartOf":{"@id":"https:\/\/coudrevosenvies.fr\/#website"},"datePublished":"2022-05-16T09:02:49+00:00","dateModified":"2022-05-16T09:02:50+00:00","author":{"@id":"https:\/\/coudrevosenvies.fr\/#\/schema\/person\/6ce86166327a58cde60948934b35be69"},"breadcrumb":{"@id":"https:\/\/coudrevosenvies.fr\/pour-une-fete-des-meres-remplie-de-douceur-%f0%9f%98%8d\/#breadcrumb"},"inLanguage":"en-GB","potentialAction":[{"@type":"ReadAction","target":["https:\/\/coudrevosenvies.fr\/pour-une-fete-des-meres-remplie-de-douceur-%f0%9f%98%8d\/"]}]},{"@type":"BreadcrumbList","@id":"https:\/\/coudrevosenvies.fr\/pour-une-fete-des-meres-remplie-de-douceur-%f0%9f%98%8d\/#breadcrumb","itemListElement":[{"@type":"ListItem","position":1,"name":"Accueil","item":"https:\/\/coudrevosenvies.fr\/"},{"@type":"ListItem","position":2,"name":"Pour une f\u00eate des m\u00e8res remplie de douceur \ud83d\ude0d,"}]},{"@type":"WebSite","@id":"https:\/\/coudrevosenvies.fr\/#website","url":"https:\/\/coudrevosenvies.fr\/","name":"Couture C\u00e9cile Cr\u00e9ations","description":"Coudre vos Envies","potentialAction":[{"@type":"SearchAction","target":{"@type":"EntryPoint","urlTemplate":"https:\/\/coudrevosenvies.fr\/?s={search_term_string}"},"query-input":"required name=search_term_string"}],"inLanguage":"en-GB"},{"@type":"Person","@id":"https:\/\/coudrevosenvies.fr\/#\/schema\/person\/6ce86166327a58cde60948934b35be69","name":"C\u00e9cile Cr\u00e9ations","image":{"@type":"ImageObject","inLanguage":"en-GB","@id":"https:\/\/coudrevosenvies.fr\/#\/schema\/person\/image\/","url":"https:\/\/secure.gravatar.com\/avatar\/352324ed7cf1675b7f665333387d6654?s=96&d=mm&r=g","contentUrl":"https:\/\/secure.gravatar.com\/avatar\/352324ed7cf1675b7f665333387d6654?s=96&d=mm&r=g","caption":"C\u00e9cile Cr\u00e9ations"},"sameAs":["https:\/\/coudrevosenvies.fr\/","https:\/\/www.facebook.com\/cecilecreations","https:\/\/www.instagram.com\/coudrevosenvies\/","https:\/\/www.linkedin.com\/in\/ccile-frezet-024264167\/"],"url":"https:\/\/coudrevosenvies.fr\/en\/author\/admin6738\/"}]}},"_links":{"self":[{"href":"https:\/\/coudrevosenvies.fr\/en\/wp-json\/wp\/v2\/posts\/1606"}],"collection":[{"href":"https:\/\/coudrevosenvies.fr\/en\/wp-json\/wp\/v2\/posts"}],"about":[{"href":"https:\/\/coudrevosenvies.fr\/en\/wp-json\/wp\/v2\/types\/post"}],"author":[{"embeddable":true,"href":"https:\/\/coudrevosenvies.fr\/en\/wp-json\/wp\/v2\/users\/1"}],"replies":[{"embeddable":true,"href":"https:\/\/coudrevosenvies.fr\/en\/wp-json\/wp\/v2\/comments?post=1606"}],"version-history":[{"count":2,"href":"https:\/\/coudrevosenvies.fr\/en\/wp-json\/wp\/v2\/posts\/1606\/revisions"}],"predecessor-version":[{"id":1610,"href":"https:\/\/coudrevosenvies.fr\/en\/wp-json\/wp\/v2\/posts\/1606\/revisions\/1610"}],"wp:attachment":[{"href":"https:\/\/coudrevosenvies.fr\/en\/wp-json\/wp\/v2\/media?parent=1606"}],"wp:term":[{"taxonomy":"category","embeddable":true,"href":"https:\/\/coudrevosenvies.fr\/en\/wp-json\/wp\/v2\/categories?post=1606"},{"taxonomy":"post_tag","embeddable":true,"href":"https:\/\/coudrevosenvies.fr\/en\/wp-json\/wp\/v2\/tags?post=1606"}],"curies":[{"name":"wp","href":"https:\/\/api.w.org\/{rel}","templated":true}]}}